{"id":1543,"date":"2023-12-12T09:46:00","date_gmt":"2023-12-12T12:46:00","guid":{"rendered":"http:\/\/abr.aero\/?p=1543"},"modified":"2025-08-06T14:48:12","modified_gmt":"2025-08-06T17:48:12","slug":"conectividade-liberdade-e-estrategia-sao-a-chave-do-desenvolvimento","status":"publish","type":"post","link":"https:\/\/abr.aero\/es\/conectividade-liberdade-e-estrategia-sao-a-chave-do-desenvolvimento\/","title":{"rendered":"Conectividade, liberdade e estrat\u00e9gia s\u00e3o a chave do desenvolvimento"},"content":{"rendered":"<div data-elementor-type=\"wp-post\" data-elementor-id=\"1543\" class=\"elementor elementor-1543\" data-elementor-post-type=\"post\">\n\t\t\t\t<div class=\"elementor-element elementor-element-6d7db993 e-flex e-con-boxed e-con e-parent\" data-id=\"6d7db993\" data-element_type=\"container\" data-e-type=\"container\" data-settings=\"{&quot;jet_parallax_layout_list&quot;:[]}\">\n\t\t\t\t\t<div class=\"e-con-inner\">\n\t\t\t\t<div class=\"elementor-element elementor-element-46b3ebb6 elementor-widget elementor-widget-text-editor\" data-id=\"46b3ebb6\" data-element_type=\"widget\" data-e-type=\"widget\" data-widget_type=\"text-editor.default\">\n\t\t\t\t<div class=\"elementor-widget-container\">\n\t\t\t\t\t\t\t\t\t\n<p>O Painel 2 do ANM \u201923 \u2013 Cases globais na atra\u00e7\u00e3o de novas cias a\u00e9reas e rotas \u2013 trouxe ao evento a vis\u00e3o internacional, com as participa\u00e7\u00f5es (por v\u00eddeo) do secret\u00e1rio-Geral da OACI \u2013 Organiza\u00e7\u00e3o da Avia\u00e7\u00e3o Civil Internacional, Juan Carlos Salazar, e do embaixador Michel Arslanian Neto, representante do Brasil junto \u00e0 OACI, e as presen\u00e7as dos presidentes da Airports Council International \u2013 ACI World, Luis Felipe Oliveira, e da Airports Council International \u2013 Latin American and Caribbean (ACI-LAC), Rafael Echevarne, moderados por Ary Bertolino, gerente de Rela\u00e7\u00f5es com a Ind\u00fastria da ACI-LAC.<\/p>\n\n\n\n<p>Luis Felipe Oliveira ressaltou o processo de recupera\u00e7\u00e3o da avia\u00e7\u00e3o mundial no p\u00f3s-pandemia, com a movimenta\u00e7\u00e3o aeroportu\u00e1ria mundial, em 2023, chegando a 8,6 bilh\u00f5es de passageiros, ou seja, retornando a 94,2% da movimenta\u00e7\u00e3o de 2019, o \u00faltimo ano antes da pandemia. \u201cIsso se deve ao n\u00edvel de crescimento do mercado chin\u00eas, o \u00faltimo mercado dom\u00e9stico a se recuperar\u201d, conta o executivo, revelando dados de uma recente pesquisa global da ACI-World, segundo a qual o n\u00famero de pessoas propensas a viajar aumentou 23% em rela\u00e7\u00e3o ao ano passado.<\/p>\n\n\n\n<p>O presidente da ACI-World salientou ainda a import\u00e2ncia do aumento nos n\u00edveis de conectividade no Brasil, com as cidades m\u00e9dias podendo se ligar \u00e0 rede do modo de transporte a\u00e9reo com seus pr\u00f3prios aeroportos locais, sem precisar depender tanto de hubs regionais. \u201cA conectividade n\u00e3o depende s\u00f3 do aeroporto. Depende de regras governamentais claras e efetivas, de custos, de infraestrutura e de companhias a\u00e9reas. Mais uma vez, \u00e9 um trabalho conjunto\u201d.<\/p>\n\n\n\n<p>J\u00e1 Rafael Echevarne pontuou que o desafio de atrair companhias a\u00e9reas \u00e9 uma necessidade comum a todos os aeroportos, \u201cporque, se n\u00e3o h\u00e1, tr\u00e1fego, n\u00e3o h\u00e1 neg\u00f3cio\u201d. E ele conclama os \u00f3rg\u00e3os reguladores da Am\u00e9rica Latina a liberarem suas regras para que qualquer companhia a\u00e9rea latino-americana possa operar em qualquer dos pa\u00edses da regi\u00e3o oferecendo qualquer destino internacional, a exemplo do que foi feito na Uni\u00e3o Europeia. O resultado l\u00e1 foi um aumento expressivo na predisposi\u00e7\u00e3o dos consumidores europeus a voar.<\/p>\n\n\n\n<p>Por fim, Echevarne citou cases de sucesso no mundo, como Los Cabos, no M\u00e9xico, e Barcelona (Espanha), onde parcerias foram&nbsp;estabelecidas entre aeroportos, agentes de turismo, hot\u00e9is, \u00f3rg\u00e3os governamentais e associa\u00e7\u00f5es comerciais para atrair voos internacionais, o que contribuiu bastante para o desenvolvimento do turismo local.<\/p>\n\t\t\t\t\t\t\t\t<\/div>\n\t\t\t\t<\/div>\n\t\t\t\t\t<\/div>\n\t\t\t\t<\/div>\n\t\t<div class=\"elementor-element elementor-element-e5764e1 e-flex e-con-boxed e-con e-parent\" data-id=\"e5764e1\" data-element_type=\"container\" data-e-type=\"container\" data-settings=\"{&quot;jet_parallax_layout_list&quot;:[]}\">\n\t\t\t\t\t<div class=\"e-con-inner\">\n\t\t\t\t<div class=\"elementor-element elementor-element-2257d19 elementor-arrows-position-inside elementor-pagination-position-outside elementor-widget elementor-widget-image-carousel\" data-id=\"2257d19\" data-element_type=\"widget\" data-e-type=\"widget\" data-settings=\"{&quot;slides_to_show&quot;:&quot;1&quot;,&quot;navigation&quot;:&quot;both&quot;,&quot;autoplay&quot;:&quot;yes&quot;,&quot;pause_on_hover&quot;:&quot;yes&quot;,&quot;pause_on_interaction&quot;:&quot;yes&quot;,&quot;autoplay_speed&quot;:5000,&quot;infinite&quot;:&quot;yes&quot;,&quot;effect&quot;:&quot;slide&quot;,&quot;speed&quot;:500}\" data-widget_type=\"image-carousel.default\">\n\t\t\t\t<div class=\"elementor-widget-container\">\n\t\t\t\t\t\t\t<div class=\"elementor-image-carousel-wrapper swiper\" role=\"region\" aria-roledescription=\"carousel\" aria-label=\"Carrossel de imagens\" dir=\"ltr\">\n\t\t\t<div class=\"elementor-image-carousel swiper-wrapper\" aria-live=\"off\">\n\t\t\t\t\t\t\t\t<div class=\"swiper-slide\" role=\"group\" aria-roledescription=\"slide\" aria-label=\"1 de 3\"><figure class=\"swiper-slide-inner\"><img decoding=\"async\" class=\"swiper-slide-image\" src=\"https:\/\/abr.aero\/wp-content\/uploads\/2024\/04\/P2_01-1920w.webp\" alt=\"P2_01-1920w\" \/><\/figure><\/div><div class=\"swiper-slide\" role=\"group\" aria-roledescription=\"slide\" aria-label=\"2 de 3\"><figure class=\"swiper-slide-inner\"><img decoding=\"async\" class=\"swiper-slide-image\" src=\"https:\/\/abr.aero\/wp-content\/uploads\/2024\/04\/P2_02-1920w.webp\" alt=\"P2_02-1920w\" \/><\/figure><\/div><div class=\"swiper-slide\" role=\"group\" aria-roledescription=\"slide\" aria-label=\"3 de 3\"><figure class=\"swiper-slide-inner\"><img decoding=\"async\" class=\"swiper-slide-image\" src=\"https:\/\/abr.aero\/wp-content\/uploads\/2024\/04\/P2_03-1920w.webp\" alt=\"P2_03-1920w\" \/><\/figure><\/div>\t\t\t<\/div>\n\t\t\t\t\t\t\t\t\t\t\t\t<div class=\"elementor-swiper-button elementor-swiper-button-prev\" role=\"button\" tabindex=\"0\">\n\t\t\t\t\t\t<svg aria-hidden=\"true\" class=\"e-font-icon-svg e-eicon-chevron-left\" viewbox=\"0 0 1000 1000\" xmlns=\"http:\/\/www.w3.org\/2000\/svg\"><path d=\"M646 125C629 125 613 133 604 142L308 442C296 454 292 471 292 487 292 504 296 521 308 533L604 854C617 867 629 875 646 875 663 875 679 871 692 858 704 846 713 829 713 812 713 796 708 779 692 767L438 487 692 225C700 217 708 204 708 187 708 171 704 154 692 142 675 129 663 125 646 125Z\"><\/path><\/svg>\t\t\t\t\t<\/div>\n\t\t\t\t\t<div class=\"elementor-swiper-button elementor-swiper-button-next\" role=\"button\" tabindex=\"0\">\n\t\t\t\t\t\t<svg aria-hidden=\"true\" class=\"e-font-icon-svg e-eicon-chevron-right\" viewbox=\"0 0 1000 1000\" xmlns=\"http:\/\/www.w3.org\/2000\/svg\"><path d=\"M696 533C708 521 713 504 713 487 713 471 708 454 696 446L400 146C388 133 375 125 354 125 338 125 325 129 313 142 300 154 292 171 292 187 292 204 296 221 308 233L563 492 304 771C292 783 288 800 288 817 288 833 296 850 308 863 321 871 338 875 354 875 371 875 388 867 400 854L696 533Z\"><\/path><\/svg>\t\t\t\t\t<\/div>\n\t\t\t\t\n\t\t\t\t\t\t\t\t\t<div class=\"swiper-pagination\"><\/div>\n\t\t\t\t\t\t\t\t\t<\/div>\n\t\t\t\t\t\t<\/div>\n\t\t\t\t<\/div>\n\t\t\t\t\t<\/div>\n\t\t\t\t<\/div>\n\t\t\t\t<\/div>","protected":false},"excerpt":{"rendered":"<p>Luis Felipe Oliveira, da ACI-World, e Rafael Echevarne, da ACI-LAC, apontam os caminhos para o crescimento do<\/p>","protected":false},"author":1,"featured_media":1520,"comment_status":"closed","ping_status":"closed","sticky":false,"template":"","format":"standard","meta":{"footnotes":""},"categories":[13],"tags":[],"class_list":["post-1543","post","type-post","status-publish","format-standard","has-post-thumbnail","hentry","category-anm"],"_links":{"self":[{"href":"https:\/\/abr.aero\/es\/wp-json\/wp\/v2\/posts\/1543","targetHints":{"allow":["GET"]}}],"collection":[{"href":"https:\/\/abr.aero\/es\/wp-json\/wp\/v2\/posts"}],"about":[{"href":"https:\/\/abr.aero\/es\/wp-json\/wp\/v2\/types\/post"}],"author":[{"embeddable":true,"href":"https:\/\/abr.aero\/es\/wp-json\/wp\/v2\/users\/1"}],"replies":[{"embeddable":true,"href":"https:\/\/abr.aero\/es\/wp-json\/wp\/v2\/comments?post=1543"}],"version-history":[{"count":5,"href":"https:\/\/abr.aero\/es\/wp-json\/wp\/v2\/posts\/1543\/revisions"}],"predecessor-version":[{"id":1554,"href":"https:\/\/abr.aero\/es\/wp-json\/wp\/v2\/posts\/1543\/revisions\/1554"}],"wp:featuredmedia":[{"embeddable":true,"href":"https:\/\/abr.aero\/es\/wp-json\/wp\/v2\/media\/1520"}],"wp:attachment":[{"href":"https:\/\/abr.aero\/es\/wp-json\/wp\/v2\/media?parent=1543"}],"wp:term":[{"taxonomy":"category","embeddable":true,"href":"https:\/\/abr.aero\/es\/wp-json\/wp\/v2\/categories?post=1543"},{"taxonomy":"post_tag","embeddable":true,"href":"https:\/\/abr.aero\/es\/wp-json\/wp\/v2\/tags?post=1543"}],"curies":[{"name":"wp","href":"https:\/\/api.w.org\/{rel}","templated":true}]}}