{"id":2234,"date":"2023-12-12T02:17:49","date_gmt":"2023-12-12T05:17:49","guid":{"rendered":"http:\/\/abr.aero\/?p=2234"},"modified":"2025-08-06T14:48:15","modified_gmt":"2025-08-06T17:48:15","slug":"concessionarias-brilham-na-pauta-esg","status":"publish","type":"post","link":"https:\/\/abr.aero\/es\/concessionarias-brilham-na-pauta-esg\/","title":{"rendered":"Concession\u00e1rias brilham na pauta ESG"},"content":{"rendered":"<p>Executivos de cinco concession\u00e1rias debateram no Painel 3 do ANM um tema que tem cada vez mais mobilizado os respons\u00e1veis de aeroportos em todo o mundo: as pr\u00e1ticas de ESG (Environment, Social and Governance). Vivianne Rodrigues, Legal Affairs, Compliance and Contractual Administration Officer do RIOgale\u00e3o; Julio Ribas, CEO da Vinci Airports no Brasil; Gustavo Figueiredo, CEO de GRU Airport; Jorge Arruda, CEO da Inframerica, e Daniel Miranda, CEO do BH Airport, debateram as boas pr\u00e1ticas de ESG no setor mediados por Tiago Bonvini, diretor Executivo da ABR.<\/p>\n\n\n\n<p>Durante cerca de uma hora, os representantes das concession\u00e1rias falaram da import\u00e2ncia da sustentabilidade, da responsabilidade social e da transpar\u00eancia nas opera\u00e7\u00f5es aeroportu\u00e1rias. E, mais do que isso, deram exemplos pr\u00e1ticos do que as administradoras privadas t\u00eam feito ao longo dos \u00faltimos anos em termos de uma gest\u00e3o mais \u00e9tica e ambientalmente consciente, buscando um futuro mais sustent\u00e1vel para nossos aeroportos e sociedade.<\/p>\n\n\n\n<p>No quesito ambiental, as iniciativas permeiam todas as 12 concession\u00e1rias e v\u00e3o desde a gest\u00e3o de res\u00edduos s\u00f3lidos, reuso de \u00e1gua e monitoramento de solo e mananciais at\u00e9 o controle e resgate de fauna, passando por projetos de cogera\u00e7\u00e3o de energia que n\u00e3o apenas geram economias, mas reduzem a pegada de carbono nos aeroportos.<\/p>\n\n\n\n<p>J\u00e1 em termos sociais, s\u00e3o in\u00fameros projetos de inclus\u00e3o, diversidade e apoio \u00e0s comunidades do entorno dos s\u00edtios aeroportu\u00e1rios, impactando a vida de milhares de pessoas e contribuindo para a gera\u00e7\u00e3o de emprego e renda.<\/p>\n\n\n\n<p>No campo da governan\u00e7a, as administradoras t\u00eam adotado medidas como a implanta\u00e7\u00e3o de c\u00f3digos de \u00e9tica para todos os colaboradores e cria\u00e7\u00e3o de \u00f3rg\u00e3os colegiados independentes respons\u00e1veis pelo compliance, controles internos e gest\u00e3o de risco reportando diretamente aos Conselhos de Administra\u00e7\u00e3o.&nbsp;<\/p>\n\n\n\n<p>Essas e outras a\u00e7\u00f5es t\u00eam sido reconhecidas por institui\u00e7\u00e3o brasileiras e estrangeiras respons\u00e1veis por avaliar e certificar organiza\u00e7\u00f5es nos campos ambiental, social e da transpar\u00eancia.<\/p>","protected":false},"excerpt":{"rendered":"<p>Executivos de cinco concession\u00e1rias debateram no Painel 3 do ANM um tema que tem cada vez mais mobilizado os respons\u00e1veis de aeroportos em todo o mundo: as pr\u00e1ticas de ESG (Environment, Social and Governance). Vivianne Rodrigues, Legal Affairs, Compliance and Contractual Administration Officer do RIOgale\u00e3o; Julio Ribas, CEO da Vinci Airports no Brasil; Gustavo Figueiredo, [&hellip;]<\/p>\n","protected":false},"author":1,"featured_media":2225,"comment_status":"closed","ping_status":"closed","sticky":false,"template":"","format":"standard","meta":{"footnotes":""},"categories":[13],"tags":[],"class_list":["post-2234","post","type-post","status-publish","format-standard","has-post-thumbnail","hentry","category-anm"],"_links":{"self":[{"href":"https:\/\/abr.aero\/es\/wp-json\/wp\/v2\/posts\/2234","targetHints":{"allow":["GET"]}}],"collection":[{"href":"https:\/\/abr.aero\/es\/wp-json\/wp\/v2\/posts"}],"about":[{"href":"https:\/\/abr.aero\/es\/wp-json\/wp\/v2\/types\/post"}],"author":[{"embeddable":true,"href":"https:\/\/abr.aero\/es\/wp-json\/wp\/v2\/users\/1"}],"replies":[{"embeddable":true,"href":"https:\/\/abr.aero\/es\/wp-json\/wp\/v2\/comments?post=2234"}],"version-history":[{"count":1,"href":"https:\/\/abr.aero\/es\/wp-json\/wp\/v2\/posts\/2234\/revisions"}],"predecessor-version":[{"id":2235,"href":"https:\/\/abr.aero\/es\/wp-json\/wp\/v2\/posts\/2234\/revisions\/2235"}],"wp:featuredmedia":[{"embeddable":true,"href":"https:\/\/abr.aero\/es\/wp-json\/wp\/v2\/media\/2225"}],"wp:attachment":[{"href":"https:\/\/abr.aero\/es\/wp-json\/wp\/v2\/media?parent=2234"}],"wp:term":[{"taxonomy":"category","embeddable":true,"href":"https:\/\/abr.aero\/es\/wp-json\/wp\/v2\/categories?post=2234"},{"taxonomy":"post_tag","embeddable":true,"href":"https:\/\/abr.aero\/es\/wp-json\/wp\/v2\/tags?post=2234"}],"curies":[{"name":"wp","href":"https:\/\/api.w.org\/{rel}","templated":true}]}}