{"id":2240,"date":"2023-11-09T02:19:23","date_gmt":"2023-11-09T05:19:23","guid":{"rendered":"http:\/\/abr.aero\/?p=2240"},"modified":"2025-08-06T14:48:15","modified_gmt":"2025-08-06T17:48:15","slug":"vem-ai-o-anm-2023","status":"publish","type":"post","link":"https:\/\/abr.aero\/es\/vem-ai-o-anm-2023\/","title":{"rendered":"Vem a\u00ed o ANM 2023"},"content":{"rendered":"<p>A ABR \u2013 Aeroportos do Brasil realiza, em 5 de dezembro, no Aeroporto Internacional de Bras\u00edlia-DF, o Airport National Meeting &#8211; ANM 2023, maior evento do setor aeroportu\u00e1rio no Brasil.<\/p>\n\n\n\n<p>Em sua terceira edi\u00e7\u00e3o, o ANM 2023 trar\u00e1 relevante programa\u00e7\u00e3o, oportunidade em que autoridades, executivos e profissionais nacionais e internacionais do setor debater\u00e3o os principais temas ligados ao desenvolvimento, efici\u00eancia log\u00edstica, moderniza\u00e7\u00e3o e inova\u00e7\u00e3o da ind\u00fastria aeroportu\u00e1ria.<\/p>\n\n\n\n<p>Consolidado como principal hub empresarial do mercado de aeroportos, o ANM 2023 promover\u00e1 qualificado ambiente de neg\u00f3cios, viabilizando encontros bilaterais com executivos e lideran\u00e7as das 11 concession\u00e1rias, que controlam 59 aeroportos federais, para apresenta\u00e7\u00e3o de produtos e solu\u00e7\u00f5es aeroportu\u00e1rias.<\/p>\n\n\n\n<p>J\u00e1 est\u00e3o confirmadas as presen\u00e7as de autoridades aeroportu\u00e1rias nacionais e internacionais, al\u00e9m de representantes de importantes entidades do setor, como Luis Felipe de Oliveira, diretor Geral da Airports Council International (ACI-World), e Rafael Echevarne, diretor Geral da Airports Council International &#8211; Latin America and the Caribbean (ACI-LAC).&nbsp;<\/p>\n\n\n\n<p>O evento contar\u00e1 com a presen\u00e7a do Ministro de Portos e Aeroportos, Silvio Costa Filho que realizar\u00e1 a abertura oficial, entre outras autoridades de destaque no cen\u00e1rio nacional. \u201cEste evento anual oferece \u00e0 ind\u00fastria aeroportu\u00e1ria uma oportunidade \u00fanica de reunir-se, compartilhar experi\u00eancias e absorver as melhores pr\u00e1ticas, tanto nacionais quanto internacionais, de alta relev\u00e2ncia para o nosso setor\u201d, diz F\u00e1bio Carvalho, CEO da ABR.<\/p>\n\n\n\n<p>A programa\u00e7\u00e3o ser\u00e1 presencial e transmitida ao vivo no&nbsp;<a href=\"http:\/\/www.anm2023.com\/\" target=\"_blank\" rel=\"noreferrer noopener\">site oficial<\/a>.&nbsp;<\/p>","protected":false},"excerpt":{"rendered":"<p>A ABR \u2013 Aeroportos do Brasil realiza, em 5 de dezembro, no Aeroporto Internacional de Bras\u00edlia-DF, o Airport National Meeting &#8211; ANM 2023, maior evento do setor aeroportu\u00e1rio no Brasil. Em sua terceira edi\u00e7\u00e3o, o ANM 2023 trar\u00e1 relevante programa\u00e7\u00e3o, oportunidade em que autoridades, executivos e profissionais nacionais e internacionais do setor debater\u00e3o os principais [&hellip;]<\/p>\n","protected":false},"author":1,"featured_media":2222,"comment_status":"closed","ping_status":"closed","sticky":false,"template":"","format":"standard","meta":{"footnotes":""},"categories":[13],"tags":[],"class_list":["post-2240","post","type-post","status-publish","format-standard","has-post-thumbnail","hentry","category-anm"],"_links":{"self":[{"href":"https:\/\/abr.aero\/es\/wp-json\/wp\/v2\/posts\/2240","targetHints":{"allow":["GET"]}}],"collection":[{"href":"https:\/\/abr.aero\/es\/wp-json\/wp\/v2\/posts"}],"about":[{"href":"https:\/\/abr.aero\/es\/wp-json\/wp\/v2\/types\/post"}],"author":[{"embeddable":true,"href":"https:\/\/abr.aero\/es\/wp-json\/wp\/v2\/users\/1"}],"replies":[{"embeddable":true,"href":"https:\/\/abr.aero\/es\/wp-json\/wp\/v2\/comments?post=2240"}],"version-history":[{"count":1,"href":"https:\/\/abr.aero\/es\/wp-json\/wp\/v2\/posts\/2240\/revisions"}],"predecessor-version":[{"id":2241,"href":"https:\/\/abr.aero\/es\/wp-json\/wp\/v2\/posts\/2240\/revisions\/2241"}],"wp:featuredmedia":[{"embeddable":true,"href":"https:\/\/abr.aero\/es\/wp-json\/wp\/v2\/media\/2222"}],"wp:attachment":[{"href":"https:\/\/abr.aero\/es\/wp-json\/wp\/v2\/media?parent=2240"}],"wp:term":[{"taxonomy":"category","embeddable":true,"href":"https:\/\/abr.aero\/es\/wp-json\/wp\/v2\/categories?post=2240"},{"taxonomy":"post_tag","embeddable":true,"href":"https:\/\/abr.aero\/es\/wp-json\/wp\/v2\/tags?post=2240"}],"curies":[{"name":"wp","href":"https:\/\/api.w.org\/{rel}","templated":true}]}}