{"id":3431,"date":"2024-11-08T11:47:49","date_gmt":"2024-11-08T14:47:49","guid":{"rendered":"https:\/\/abr.aero\/?p=3431"},"modified":"2025-08-06T14:48:09","modified_gmt":"2025-08-06T17:48:09","slug":"agenda-esg-e-politicas-publicas-sao-essenciais-para-o-crescimento-dos-aeroportos-afirmam-especialistas-do-setor","status":"publish","type":"post","link":"https:\/\/abr.aero\/es\/agenda-esg-e-politicas-publicas-sao-essenciais-para-o-crescimento-dos-aeroportos-afirmam-especialistas-do-setor\/","title":{"rendered":"Agenda ESG e pol\u00edticas p\u00fablicas s\u00e3o essenciais para o crescimento dos aeroportos, afirmam especialistas do setor"},"content":{"rendered":"<p>O painel 1 trouxe o tema: Agenda ESG e Pol\u00edticas P\u00fablicas: Como a Regula\u00e7\u00e3o e as Pol\u00edticas Setoriais Podem Incentivar Medidas Sustent\u00e1veis. Sob a modera\u00e7\u00e3o de Nat\u00e1lia Marcassa, CEO da Moveinfra, participaram das discuss\u00f5es Daniel Miranda, CEO do BH Airport; J\u00falio Ribas, CEO Da Vinci Airports; Mariana Alto\u00e9, diretora substituta da Ag\u00eancia Nacional de Avia\u00e7\u00e3o Civil (Anac); Mariana Pescatori, secret\u00e1ria executiva do Minist\u00e9rio de Portos e Aeroportos e Paulo Cintra, director &amp; Latam Regional Manager &#8211; T\u00fcv Rheinland.<\/p>\n\n\n\n<p>Durante o painel foram abordadas as iniciativas implementas pelos aeroportos voltadas \u00e0 agenda ESG, pol\u00edticas p\u00fablicas setoriais de incentivo, al\u00e9m da import\u00e2ncia de ampliar as a\u00e7\u00f5es que reduzem impacto ambiental, promovem ambientes mais acess\u00edveis e inclusivos e que geram emprego e renda para as comunidades locais.<\/p>\n\n\n\n<p>Confira a \u00edntegra do ANM 2024 clicando <a href=\"https:\/\/www.youtube.com\/watch?v=MzK9h497uj4\" data-type=\"link\" data-id=\"https:\/\/www.youtube.com\/watch?v=MzK9h497uj4\" target=\"_blank\" rel=\"noopener\">aqui<\/a><\/p>\n\n\n\n<p><\/p>","protected":false},"excerpt":{"rendered":"<p>O painel 1 trouxe o tema: Agenda ESG e Pol\u00edticas P\u00fablicas: Como a Regula\u00e7\u00e3o e as Pol\u00edticas Setoriais Podem Incentivar Medidas Sustent\u00e1veis. Sob a modera\u00e7\u00e3o de Nat\u00e1lia Marcassa, CEO da Moveinfra, participaram das discuss\u00f5es Daniel Miranda, CEO do BH Airport; J\u00falio Ribas, CEO Da Vinci Airports; Mariana Alto\u00e9, diretora substituta da Ag\u00eancia Nacional de Avia\u00e7\u00e3o [&hellip;]<\/p>\n","protected":false},"author":2,"featured_media":3432,"comment_status":"closed","ping_status":"","sticky":false,"template":"","format":"standard","meta":{"footnotes":""},"categories":[13],"tags":[],"class_list":["post-3431","post","type-post","status-publish","format-standard","has-post-thumbnail","hentry","category-anm"],"_links":{"self":[{"href":"https:\/\/abr.aero\/es\/wp-json\/wp\/v2\/posts\/3431","targetHints":{"allow":["GET"]}}],"collection":[{"href":"https:\/\/abr.aero\/es\/wp-json\/wp\/v2\/posts"}],"about":[{"href":"https:\/\/abr.aero\/es\/wp-json\/wp\/v2\/types\/post"}],"author":[{"embeddable":true,"href":"https:\/\/abr.aero\/es\/wp-json\/wp\/v2\/users\/2"}],"replies":[{"embeddable":true,"href":"https:\/\/abr.aero\/es\/wp-json\/wp\/v2\/comments?post=3431"}],"version-history":[{"count":3,"href":"https:\/\/abr.aero\/es\/wp-json\/wp\/v2\/posts\/3431\/revisions"}],"predecessor-version":[{"id":3438,"href":"https:\/\/abr.aero\/es\/wp-json\/wp\/v2\/posts\/3431\/revisions\/3438"}],"wp:featuredmedia":[{"embeddable":true,"href":"https:\/\/abr.aero\/es\/wp-json\/wp\/v2\/media\/3432"}],"wp:attachment":[{"href":"https:\/\/abr.aero\/es\/wp-json\/wp\/v2\/media?parent=3431"}],"wp:term":[{"taxonomy":"category","embeddable":true,"href":"https:\/\/abr.aero\/es\/wp-json\/wp\/v2\/categories?post=3431"},{"taxonomy":"post_tag","embeddable":true,"href":"https:\/\/abr.aero\/es\/wp-json\/wp\/v2\/tags?post=3431"}],"curies":[{"name":"wp","href":"https:\/\/api.w.org\/{rel}","templated":true}]}}