{"id":3448,"date":"2024-11-11T11:38:39","date_gmt":"2024-11-11T14:38:39","guid":{"rendered":"https:\/\/abr.aero\/?p=3448"},"modified":"2025-08-06T14:45:20","modified_gmt":"2025-08-06T17:45:20","slug":"mudancas-climaticas-e-infraestrutura-desafios-e-oportunidades-para-o-setor-aeroportuario","status":"publish","type":"post","link":"https:\/\/abr.aero\/pt\/mudancas-climaticas-e-infraestrutura-desafios-e-oportunidades-para-o-setor-aeroportuario\/","title":{"rendered":"Mudan\u00e7as clim\u00e1ticas e infraestrutura: desafios e oportunidades para o setor aeroportu\u00e1rio"},"content":{"rendered":"\n<p class=\"has-text-align-left\">Com o tema \u201cMudan\u00e7as Clim\u00e1ticas e Infraestrutura: desafios p\u00fablicos e privados\u201d, o 4\u00ba painel do ANM 2024 trouxe discuss\u00f5es enriquecedoras sobre como mudan\u00e7as clim\u00e1ticas est\u00e3o impactando e transformando a infraestrutura aeroportu\u00e1ria no Brasil e no mundo, al\u00e9m das estrat\u00e9gias necess\u00e1rias para adapta\u00e7\u00e3o do setor.<br><br>O painel foi moderado pela consultora jur\u00eddica do Minist\u00e9rio de Portos e Aeroportos, Camilla Soares, e contou com a participa\u00e7\u00e3o de Fl\u00e1via Soto, diretora de Assuntos Regulat\u00f3rios, Jur\u00eddicos e Governan\u00e7a Corporativa da GRU Airport; Guilherme Vila Lima, s\u00f3cio da Galdino Advogados; Marco Ant\u00f4nio Migliorini, CEO da Norte da Amaz\u00f4nia Airports e da Centro-Oeste Airports; e Rog\u00e9rio Prado, CEO da Pax Aeroportos.<br>O painel discutiu os desafios impostos pelas mudan\u00e7as clim\u00e1ticas e eventos extremos \u00e0 gest\u00e3o dos aeroportos, sob as perspectivas jur\u00eddica e operacional.<br><br>Foram discutidas alternativas de endere\u00e7amento dos obst\u00e1culos que a nova realidade apresenta, al\u00e9m de maneiras pelas quais o setor pode avan\u00e7ar em estrat\u00e9gias sustent\u00e1veis, visando a evolu\u00e7\u00e3o da efici\u00eancia operacional em cen\u00e1rios desafiadores e a seguran\u00e7a dos aeroportos diante de eventos clim\u00e1ticos extremos, cada vez mais frequentes.<br><br>Confira a \u00edntegra do ANM 2024 clicando <a href=\"https:\/\/www.youtube.com\/watch?v=MzK9h497uj4\" target=\"_blank\" rel=\"noopener\">aqui<\/a>.<\/p>\n\n\n\n<p><\/p>\n","protected":false},"excerpt":{"rendered":"<p>Com o tema \u201cMudan\u00e7as Clim\u00e1ticas e Infraestrutura: desafios p\u00fablicos e privados\u201d, o 4\u00ba painel do ANM 2024 trouxe discuss\u00f5es enriquecedoras sobre como mudan\u00e7as clim\u00e1ticas est\u00e3o impactando e transformando a infraestrutura aeroportu\u00e1ria no Brasil e no mundo, al\u00e9m das estrat\u00e9gias necess\u00e1rias para adapta\u00e7\u00e3o do setor. O painel foi moderado pela consultora jur\u00eddica do Minist\u00e9rio de Portos [&hellip;]<\/p>\n","protected":false},"author":2,"featured_media":3449,"comment_status":"closed","ping_status":"","sticky":false,"template":"","format":"standard","meta":{"footnotes":""},"categories":[13],"tags":[],"class_list":["post-3448","post","type-post","status-publish","format-standard","has-post-thumbnail","hentry","category-anm"],"_links":{"self":[{"href":"https:\/\/abr.aero\/pt\/wp-json\/wp\/v2\/posts\/3448","targetHints":{"allow":["GET"]}}],"collection":[{"href":"https:\/\/abr.aero\/pt\/wp-json\/wp\/v2\/posts"}],"about":[{"href":"https:\/\/abr.aero\/pt\/wp-json\/wp\/v2\/types\/post"}],"author":[{"embeddable":true,"href":"https:\/\/abr.aero\/pt\/wp-json\/wp\/v2\/users\/2"}],"replies":[{"embeddable":true,"href":"https:\/\/abr.aero\/pt\/wp-json\/wp\/v2\/comments?post=3448"}],"version-history":[{"count":1,"href":"https:\/\/abr.aero\/pt\/wp-json\/wp\/v2\/posts\/3448\/revisions"}],"predecessor-version":[{"id":3450,"href":"https:\/\/abr.aero\/pt\/wp-json\/wp\/v2\/posts\/3448\/revisions\/3450"}],"wp:featuredmedia":[{"embeddable":true,"href":"https:\/\/abr.aero\/pt\/wp-json\/wp\/v2\/media\/3449"}],"wp:attachment":[{"href":"https:\/\/abr.aero\/pt\/wp-json\/wp\/v2\/media?parent=3448"}],"wp:term":[{"taxonomy":"category","embeddable":true,"href":"https:\/\/abr.aero\/pt\/wp-json\/wp\/v2\/categories?post=3448"},{"taxonomy":"post_tag","embeddable":true,"href":"https:\/\/abr.aero\/pt\/wp-json\/wp\/v2\/tags?post=3448"}],"curies":[{"name":"wp","href":"https:\/\/api.w.org\/{rel}","templated":true}]}}