{"id":3454,"date":"2024-11-11T17:16:49","date_gmt":"2024-11-11T20:16:49","guid":{"rendered":"https:\/\/abr.aero\/?p=3454"},"modified":"2025-08-06T14:45:20","modified_gmt":"2025-08-06T17:45:20","slug":"reconstruindo-conexoes-uma-historia-de-resiliencia-no-anm-2024","status":"publish","type":"post","link":"https:\/\/abr.aero\/pt\/reconstruindo-conexoes-uma-historia-de-resiliencia-no-anm-2024\/","title":{"rendered":"Reconstruindo Conex\u00f5es: uma hist\u00f3ria de resili\u00eancia no ANM 2024"},"content":{"rendered":"\n<p>Trazendo relatos emocionantes, o ANM 2024 apresentou a sess\u00e3o \u201cReconstruindo Conex\u00f5es: Uma Hist\u00f3ria de Resili\u00eancia\u201d, destacando a reconstru\u00e7\u00e3o do Porto Alegre Airport, que ficou quase cinco meses fora de opera\u00e7\u00e3o, ap\u00f3s as enchentes que atingiram o Rio Grande do Sul. Representando a concession\u00e1ria Fraport Brasil, o COO (CHIEF OPERATIONS OFFICER), Edgar Nogueira, e o diretor de rela\u00e7\u00f5es institucionais, Leonardo Carnielli, compartilharam os desafios enfrentados e as a\u00e7\u00f5es tomadas para a recupera\u00e7\u00e3o do aeroporto.<\/p>\n\n\n\n<p>As instala\u00e7\u00f5es permaneceram alagadas por mais de 20 dias, agravando ainda mais os desafios da recupera\u00e7\u00e3o. O impacto na opera\u00e7\u00e3o foi significativo, com a perda de equipamentos essenciais e o comprometimento da infraestrutura do aeroporto.<\/p>\n\n\n\n<p>Durante o painel, Edgar Nogueira destacou o trabalho conjunto de todos os funcion\u00e1rios da Fraport, que atuaram em um esfor\u00e7o coletivo para retomar as opera\u00e7\u00f5es o mais rapidamente poss\u00edvel, garantindo a seguran\u00e7a operacional e o bem-estar de todos. Assim que as \u00e1guas baixaram, foram iniciados drenagem, limpeza, testes operacionais, reconstru\u00e7\u00e3o e recupera\u00e7\u00e3o das estruturas.<\/p>\n\n\n\n<p>Al\u00e9m das a\u00e7\u00f5es de reconstru\u00e7\u00e3o do aeroporto, a equipe da Fraport realizou opera\u00e7\u00f5es de resgate e distribui\u00e7\u00e3o de alimentos para a popula\u00e7\u00e3o afetada.<\/p>\n\n\n\n<p>Cinco meses ap\u00f3s as enchentes, o aeroporto foi reaberto e opera parcialmente, com previs\u00e3o de retomada total das opera\u00e7\u00f5es at\u00e9 o final do ano. A reconstru\u00e7\u00e3o do Porto Alegre Airport \u00e9 um exemplo de resili\u00eancia e colabora\u00e7\u00e3o.<\/p>\n","protected":false},"excerpt":{"rendered":"<p>Trazendo relatos emocionantes, o ANM 2024 apresentou a sess\u00e3o \u201cReconstruindo Conex\u00f5es: Uma Hist\u00f3ria de Resili\u00eancia\u201d, destacando a reconstru\u00e7\u00e3o do Porto Alegre Airport, que ficou quase cinco meses fora de opera\u00e7\u00e3o, ap\u00f3s as enchentes que atingiram o Rio Grande do Sul. Representando a concession\u00e1ria Fraport Brasil, o COO (CHIEF OPERATIONS OFFICER), Edgar Nogueira, e o diretor [&hellip;]<\/p>\n","protected":false},"author":1,"featured_media":3455,"comment_status":"closed","ping_status":"closed","sticky":false,"template":"","format":"standard","meta":{"footnotes":""},"categories":[13],"tags":[],"class_list":["post-3454","post","type-post","status-publish","format-standard","has-post-thumbnail","hentry","category-anm"],"_links":{"self":[{"href":"https:\/\/abr.aero\/pt\/wp-json\/wp\/v2\/posts\/3454","targetHints":{"allow":["GET"]}}],"collection":[{"href":"https:\/\/abr.aero\/pt\/wp-json\/wp\/v2\/posts"}],"about":[{"href":"https:\/\/abr.aero\/pt\/wp-json\/wp\/v2\/types\/post"}],"author":[{"embeddable":true,"href":"https:\/\/abr.aero\/pt\/wp-json\/wp\/v2\/users\/1"}],"replies":[{"embeddable":true,"href":"https:\/\/abr.aero\/pt\/wp-json\/wp\/v2\/comments?post=3454"}],"version-history":[{"count":3,"href":"https:\/\/abr.aero\/pt\/wp-json\/wp\/v2\/posts\/3454\/revisions"}],"predecessor-version":[{"id":3461,"href":"https:\/\/abr.aero\/pt\/wp-json\/wp\/v2\/posts\/3454\/revisions\/3461"}],"wp:featuredmedia":[{"embeddable":true,"href":"https:\/\/abr.aero\/pt\/wp-json\/wp\/v2\/media\/3455"}],"wp:attachment":[{"href":"https:\/\/abr.aero\/pt\/wp-json\/wp\/v2\/media?parent=3454"}],"wp:term":[{"taxonomy":"category","embeddable":true,"href":"https:\/\/abr.aero\/pt\/wp-json\/wp\/v2\/categories?post=3454"},{"taxonomy":"post_tag","embeddable":true,"href":"https:\/\/abr.aero\/pt\/wp-json\/wp\/v2\/tags?post=3454"}],"curies":[{"name":"wp","href":"https:\/\/api.w.org\/{rel}","templated":true}]}}